{"id":1018,"date":"2017-01-19T09:39:00","date_gmt":"2017-01-19T08:39:00","guid":{"rendered":"http:\/\/www.jagmag.it\/jag\/?p=1018"},"modified":"2017-01-19T09:39:00","modified_gmt":"2017-01-19T08:39:00","slug":"jaguar-e-pace","status":"publish","type":"post","link":"https:\/\/www.jagmag.it\/jag\/jag-news\/1018\/jaguar-e-pace\/","title":{"rendered":"Jaguar E-Pace"},"content":{"rendered":"<h2><strong>Jaguar E-Pace<\/strong>, il secondo suv della Casa inglese<\/h2>\n<p style=\"text-align: justify;\">Dopo l\u2019esordio con il suo primo suv F-Pace,&nbsp; <strong>Jaguar<\/strong> prepara un nuovo suv. Si chiamer\u00e0 <strong>Jaguar E-Pace<\/strong> e la vedremo alla fine del <strong>2017<\/strong>. Pi\u00f9 piccola della sorella maggiore F-Pace, la Jaguar E-Pace debutter\u00e0 sia con motori termici a benzina ed a gasolio che con un unit\u00e0 <strong>elettrica<\/strong>. \u00e8 pronto&nbsp; un nuovo suv. Si chiamer\u00e0 <strong>Jaguar E-Pace<\/strong> e la vedremo attorno al <strong>2017<\/strong>. Pi\u00f9 piccola della sorella maggiore F-Pace, la Jaguar E-Pace debutter\u00e0 sia con motori termici a benzina ed a gasolio che con un unit\u00e0 <strong>elettrica<\/strong>.<\/p>\n<p style=\"text-align: justify;\">Il nuovo modello, secondo il settimanale britannico <em>AutoExpress<\/em>, sarebbe gi\u00e0 entrato da poco tempo in una <strong>seconda fase di sviluppo<\/strong>, come testimoniano alcuni scatti di <strong>prototipi camuffati<\/strong> \u201ccatturati\u201d sulle strade attorno alla sede principale di <strong>Jaguar Land Rover<\/strong>, a <strong>Gaydon<\/strong> in <strong>Inghilterra<\/strong>: si tratta in questo stadio di un modello dalle linee molto prossime a quelle della F-Pace, che potrebbero anticipare gi\u00e0 piuttosto da vicino il look definitivo della versione di produzione del veicolo.<\/p>\n<p style=\"text-align: justify;\">Per la nuova <strong>\u201cJag\u201d<\/strong> sport utility compatta, aggiunge il giornale inglese, era circolata l\u2019indiscrezione di una <strong>denominazione<\/strong> in linea con il modello gi\u00e0 in commercio, vale a dire <strong>E-Pace<\/strong> in modo da collocarsi idealmente sotto la <strong>F-Pace<\/strong>, ma attualmente pare che questa \u201clinea\u201d sia stata abbandonata in favore di un <strong>nome<\/strong> pi\u00f9 <strong>originale<\/strong>.<\/p>\n<div id='gallery-1' class='gallery galleryid-1018 gallery-columns-2 gallery-size-large'><figure class='gallery-item'>\n\t\t\t<div class='gallery-icon landscape'>\n\t\t\t\t<a href='https:\/\/www.jagmag.it\/jag\/wp-content\/uploads\/2017\/01\/E-Pace-01.jpg'><img width=\"750\" height=\"500\" src=\"https:\/\/www.jagmag.it\/jag\/wp-content\/uploads\/2017\/01\/E-Pace-01-750x500.jpg\" class=\"attachment-large size-large\" alt=\"\" srcset=\"https:\/\/www.jagmag.it\/jag\/wp-content\/uploads\/2017\/01\/E-Pace-01-750x500.jpg 750w, https:\/\/www.jagmag.it\/jag\/wp-content\/uploads\/2017\/01\/E-Pace-01-240x160.jpg 240w, https:\/\/www.jagmag.it\/jag\/wp-content\/uploads\/2017\/01\/E-Pace-01-300x200.jpg 300w, https:\/\/www.jagmag.it\/jag\/wp-content\/uploads\/2017\/01\/E-Pace-01-768x512.jpg 768w, https:\/\/www.jagmag.it\/jag\/wp-content\/uploads\/2017\/01\/E-Pace-01-360x240.jpg 360w, https:\/\/www.jagmag.it\/jag\/wp-content\/uploads\/2017\/01\/E-Pace-01.jpg 1200w\" sizes=\"(max-width: 750px) 100vw, 750px\" \/><\/a>\n\t\t\t<\/div><\/figure><figure class='gallery-item'>\n\t\t\t<div class='gallery-icon landscape'>\n\t\t\t\t<a href='https:\/\/www.jagmag.it\/jag\/wp-content\/uploads\/2017\/01\/E-Pace-02.jpg'><img width=\"750\" height=\"500\" src=\"https:\/\/www.jagmag.it\/jag\/wp-content\/uploads\/2017\/01\/E-Pace-02-750x500.jpg\" class=\"attachment-large size-large\" alt=\"\" srcset=\"https:\/\/www.jagmag.it\/jag\/wp-content\/uploads\/2017\/01\/E-Pace-02-750x500.jpg 750w, https:\/\/www.jagmag.it\/jag\/wp-content\/uploads\/2017\/01\/E-Pace-02-240x160.jpg 240w, https:\/\/www.jagmag.it\/jag\/wp-content\/uploads\/2017\/01\/E-Pace-02-300x200.jpg 300w, https:\/\/www.jagmag.it\/jag\/wp-content\/uploads\/2017\/01\/E-Pace-02-768x512.jpg 768w, https:\/\/www.jagmag.it\/jag\/wp-content\/uploads\/2017\/01\/E-Pace-02-360x240.jpg 360w, https:\/\/www.jagmag.it\/jag\/wp-content\/uploads\/2017\/01\/E-Pace-02.jpg 1200w\" sizes=\"(max-width: 750px) 100vw, 750px\" \/><\/a>\n\t\t\t<\/div><\/figure>\n\t\t<\/div>\n\n","protected":false},"excerpt":{"rendered":"<p>Jaguar E-Pace, il secondo suv della Casa inglese Dopo l\u2019esordio con il suo primo suv F-Pace,&nbsp; Jaguar prepara un nuovo suv. Si chiamer\u00e0 Jaguar E-Pace e la vedremo alla fine del 2017. Pi\u00f9 piccola della sorella maggiore F-Pace, la Jaguar E-Pace debutter\u00e0 sia con motori termici a benzina ed a gasolio che con un unit\u00e0 elettrica. \u00e8 pronto&nbsp; un nuovo suv. Si chiamer\u00e0 Jaguar E-Pace e la vedremo attorno al 2017. Pi\u00f9 piccola della sorella maggiore F-Pace, la Jaguar E-Pace [&hellip;]<\/p>\n","protected":false},"author":1,"featured_media":1019,"comment_status":"open","ping_status":"open","sticky":false,"template":"","format":"standard","meta":{"ngg_post_thumbnail":0},"categories":[3],"tags":[56,6,55],"yoast_head":"<!-- This site is optimized with the Yoast SEO plugin v15.1 - https:\/\/yoast.com\/wordpress\/plugins\/seo\/ -->\n<title>Jaguar E-Pace - JagMag<\/title>\n<meta name=\"robots\" content=\"index, follow, max-snippet:-1, max-image-preview:large, max-video-preview:-1\" \/>\n<link rel=\"canonical\" href=\"https:\/\/www.jagmag.it\/jag\/jag-news\/1018\/jaguar-e-pace\/\" \/>\n<meta property=\"og:locale\" content=\"it_IT\" \/>\n<meta property=\"og:type\" content=\"article\" \/>\n<meta property=\"og:title\" content=\"Jaguar E-Pace - JagMag\" \/>\n<meta property=\"og:description\" content=\"Jaguar E-Pace, il secondo suv della Casa inglese Dopo l\u2019esordio con il suo primo suv F-Pace,&nbsp; Jaguar prepara un nuovo suv. Si chiamer\u00e0 Jaguar E-Pace e la vedremo alla fine del 2017. Pi\u00f9 piccola della sorella maggiore F-Pace, la Jaguar E-Pace debutter\u00e0 sia con motori termici a benzina ed a gasolio che con un unit\u00e0 elettrica. \u00e8 pronto&nbsp; un nuovo suv. Si chiamer\u00e0 Jaguar E-Pace e la vedremo attorno al 2017. Pi\u00f9 piccola della sorella maggiore F-Pace, la Jaguar E-Pace [&hellip;]\" \/>\n<meta property=\"og:url\" content=\"https:\/\/www.jagmag.it\/jag\/jag-news\/1018\/jaguar-e-pace\/\" \/>\n<meta property=\"og:site_name\" content=\"JagMag\" \/>\n<meta property=\"article:publisher\" content=\"https:\/\/www.facebook.com\/pages\/Jagmag\/1000307453336566?fref=ts\" \/>\n<meta property=\"article:published_time\" content=\"2017-01-19T08:39:00+00:00\" \/>\n<meta property=\"og:image\" content=\"https:\/\/www.jagmag.it\/jag\/wp-content\/uploads\/2017\/01\/E-pace00000.jpg\" \/>\n\t<meta property=\"og:image:width\" content=\"1200\" \/>\n\t<meta property=\"og:image:height\" content=\"520\" \/>\n<meta name=\"twitter:card\" content=\"summary\" \/>\n<meta name=\"twitter:creator\" content=\"@jagmagitaly\" \/>\n<meta name=\"twitter:site\" content=\"@jagmagitaly\" \/>\n<script type=\"application\/ld+json\" class=\"yoast-schema-graph\">{\"@context\":\"https:\/\/schema.org\",\"@graph\":[{\"@type\":\"WebSite\",\"@id\":\"https:\/\/www.jagmag.it\/jag\/#website\",\"url\":\"https:\/\/www.jagmag.it\/jag\/\",\"name\":\"JagMag\",\"description\":\"Welcome to Jag mag, the first freestanding Jaguar magazine in Italy\",\"potentialAction\":[{\"@type\":\"SearchAction\",\"target\":\"https:\/\/www.jagmag.it\/jag\/?s={search_term_string}\",\"query-input\":\"required name=search_term_string\"}],\"inLanguage\":\"it-IT\"},{\"@type\":\"ImageObject\",\"@id\":\"https:\/\/www.jagmag.it\/jag\/jag-news\/1018\/jaguar-e-pace\/#primaryimage\",\"inLanguage\":\"it-IT\",\"url\":\"https:\/\/www.jagmag.it\/jag\/wp-content\/uploads\/2017\/01\/E-pace00000.jpg\",\"width\":1200,\"height\":520},{\"@type\":\"WebPage\",\"@id\":\"https:\/\/www.jagmag.it\/jag\/jag-news\/1018\/jaguar-e-pace\/#webpage\",\"url\":\"https:\/\/www.jagmag.it\/jag\/jag-news\/1018\/jaguar-e-pace\/\",\"name\":\"Jaguar E-Pace - JagMag\",\"isPartOf\":{\"@id\":\"https:\/\/www.jagmag.it\/jag\/#website\"},\"primaryImageOfPage\":{\"@id\":\"https:\/\/www.jagmag.it\/jag\/jag-news\/1018\/jaguar-e-pace\/#primaryimage\"},\"datePublished\":\"2017-01-19T08:39:00+00:00\",\"dateModified\":\"2017-01-19T08:39:00+00:00\",\"author\":{\"@id\":\"https:\/\/www.jagmag.it\/jag\/#\/schema\/person\/af7855f9399cf7eb69b9642cb33d40b7\"},\"inLanguage\":\"it-IT\",\"potentialAction\":[{\"@type\":\"ReadAction\",\"target\":[\"https:\/\/www.jagmag.it\/jag\/jag-news\/1018\/jaguar-e-pace\/\"]}]},{\"@type\":\"Person\",\"@id\":\"https:\/\/www.jagmag.it\/jag\/#\/schema\/person\/af7855f9399cf7eb69b9642cb33d40b7\",\"name\":\"redazione\",\"image\":{\"@type\":\"ImageObject\",\"@id\":\"https:\/\/www.jagmag.it\/jag\/#personlogo\",\"inLanguage\":\"it-IT\",\"url\":\"https:\/\/secure.gravatar.com\/avatar\/858a2dfca8315edd4ed6e8ff473f5893?s=96&d=mm&r=g\",\"caption\":\"redazione\"}}]}<\/script>\n<!-- \/ Yoast SEO plugin. -->","_links":{"self":[{"href":"https:\/\/www.jagmag.it\/jag\/wp-json\/wp\/v2\/posts\/1018"}],"collection":[{"href":"https:\/\/www.jagmag.it\/jag\/wp-json\/wp\/v2\/posts"}],"about":[{"href":"https:\/\/www.jagmag.it\/jag\/wp-json\/wp\/v2\/types\/post"}],"author":[{"embeddable":true,"href":"https:\/\/www.jagmag.it\/jag\/wp-json\/wp\/v2\/users\/1"}],"replies":[{"embeddable":true,"href":"https:\/\/www.jagmag.it\/jag\/wp-json\/wp\/v2\/comments?post=1018"}],"version-history":[{"count":2,"href":"https:\/\/www.jagmag.it\/jag\/wp-json\/wp\/v2\/posts\/1018\/revisions"}],"predecessor-version":[{"id":1023,"href":"https:\/\/www.jagmag.it\/jag\/wp-json\/wp\/v2\/posts\/1018\/revisions\/1023"}],"wp:featuredmedia":[{"embeddable":true,"href":"https:\/\/www.jagmag.it\/jag\/wp-json\/wp\/v2\/media\/1019"}],"wp:attachment":[{"href":"https:\/\/www.jagmag.it\/jag\/wp-json\/wp\/v2\/media?parent=1018"}],"wp:term":[{"taxonomy":"category","embeddable":true,"href":"https:\/\/www.jagmag.it\/jag\/wp-json\/wp\/v2\/categories?post=1018"},{"taxonomy":"post_tag","embeddable":true,"href":"https:\/\/www.jagmag.it\/jag\/wp-json\/wp\/v2\/tags?post=1018"}],"curies":[{"name":"wp","href":"https:\/\/api.w.org\/{rel}","templated":true}]}}